{"id":719,"date":"2019-06-22T10:17:29","date_gmt":"2019-06-22T08:17:29","guid":{"rendered":"http:\/\/neigierisch.de\/sien\/?p=719"},"modified":"2021-12-18T17:28:59","modified_gmt":"2021-12-18T16:28:59","slug":"konstituierende-sitzung-des-siener-rates","status":"publish","type":"post","link":"https:\/\/neigierisch.de\/sien\/2019\/06\/22\/konstituierende-sitzung-des-siener-rates\/","title":{"rendered":"Konstituierende Sitzung des Siener Rates"},"content":{"rendered":"<figure id=\"attachment_1349\" aria-describedby=\"caption-attachment-1349\" style=\"width: 300px\" class=\"wp-caption alignleft\"><a href=\"http:\/\/neigierisch.de\/regionales\/wp-content\/uploads\/sites\/3\/2019\/06\/Bild01.png\" target=\"_blank\" rel=\"noopener noreferrer\"><img loading=\"lazy\" decoding=\"async\" class=\"wp-image-1349 size-medium\" src=\"http:\/\/neigierisch.de\/regionales\/wp-content\/uploads\/sites\/3\/2019\/06\/Bild01-300x225.png\" alt=\"\" width=\"300\" height=\"225\" \/><\/a><figcaption id=\"caption-attachment-1349\" class=\"wp-caption-text\">Burkhard M\u00fcller kratuliert dem neuen OB zur Wahl und \u00fcberreicht die Ernennungsurkunde<\/figcaption><\/figure>\n<figure id=\"attachment_1350\" aria-describedby=\"caption-attachment-1350\" style=\"width: 225px\" class=\"wp-caption alignright\"><a href=\"http:\/\/neigierisch.de\/regionales\/wp-content\/uploads\/sites\/3\/2019\/06\/Bild02.png\" target=\"_blank\" rel=\"noopener noreferrer\"><img loading=\"lazy\" decoding=\"async\" class=\"wp-image-1350 size-medium\" src=\"http:\/\/neigierisch.de\/regionales\/wp-content\/uploads\/sites\/3\/2019\/06\/Bild02-225x300.png\" alt=\"\" width=\"225\" height=\"300\" \/><\/a><figcaption id=\"caption-attachment-1350\" class=\"wp-caption-text\">Jan Jakoby (links) und der neue(und alte) OB Otto Sch\u00fctzle<\/figcaption><\/figure>\n<p>Die konstituierende Sitzung des neu gew\u00e4hlten Siener Rates fand am Dienstag, dem 18. Juni 2019 im Gastraum der Siener Turnhalle statt. Da niemand bereit war f\u00fcr die Urwahl zum Ortsb\u00fcrgermeister zu kandidieren, musste der neue Rat an diesem Tag auch den neuen OB w\u00e4hlen. Von der Verbandsgemeinde Herrstein-Rhaunen wurde die konstituierende Sitzung durch Herr Thomas Gerhardt unterst\u00fctzt.<br \/>\nDie anwesenden Ratsmitglieder waren Burkhard M\u00fcller, Andreas Schuck, Sebastian Huck, Christian Hahn, Bernd Schuck, Michael Jung, Steffen Bernhard, Arne Stibitz, Otto Sch\u00fctzle, Ewald Bernhard, Daniel Bourguignon und Bruno Bourguignon. Nach der Verpflichtung der Ratsmitglieder wurde Otto Sch\u00fctzle zum neuen Ortsb\u00fcrgermeister gew\u00e4hlt. Der gesch\u00e4ftsf\u00fchrende 1. Beigeordnete Burkhard M\u00fcller \u00fcberreichte ihm die Ernennungsurkunde. Da er damit aus dem Rat ausgeschieden ist, wurde Jan Jakoby als 12tes Ratsmitglied verpflichtet.<br \/>\nDanach wurden die Beigeordneten neu gew\u00e4hlt. 1. Beigeordneter ist f\u00fcr diese Wahlperiode Steffen Bernhard und zum weiterer Beigeordneten wurde Burkhard M\u00fcller gew\u00e4hlt.<br \/>\nAuf Vorschlag des OB wurde der alte Rechnungspr\u00fcfungsausschuss wieder gew\u00e4hlt. Das sind Bruno Bourguignon, Michael Jung und Arne Stibitz.<br \/>\nSchlie\u00dflich wurde Jan Jakoby zum neuen Schriftf\u00fchrer ernannt.<\/p>\n<p><strong>Zum Vergr\u00f6\u00dfern die Bilder anklicken!<\/strong><\/p>\n","protected":false},"excerpt":{"rendered":"<p>Die konstituierende Sitzung des neu gew\u00e4hlten Siener Rates fand am Dienstag, dem 18. Juni 2019 im Gastraum der Siener Turnhalle statt. Da niemand bereit war f\u00fcr die Urwahl zum Ortsb\u00fcrgermeister [&hellip;]<\/p>\n","protected":false},"author":1,"featured_media":0,"comment_status":"open","ping_status":"open","sticky":false,"template":"","format":"standard","meta":{"footnotes":""},"categories":[8],"tags":[],"class_list":["post-719","post","type-post","status-publish","format-standard","hentry","category-verwaltung","has_thumb"],"_links":{"self":[{"href":"https:\/\/neigierisch.de\/sien\/wp-json\/wp\/v2\/posts\/719","targetHints":{"allow":["GET"]}}],"collection":[{"href":"https:\/\/neigierisch.de\/sien\/wp-json\/wp\/v2\/posts"}],"about":[{"href":"https:\/\/neigierisch.de\/sien\/wp-json\/wp\/v2\/types\/post"}],"author":[{"embeddable":true,"href":"https:\/\/neigierisch.de\/sien\/wp-json\/wp\/v2\/users\/1"}],"replies":[{"embeddable":true,"href":"https:\/\/neigierisch.de\/sien\/wp-json\/wp\/v2\/comments?post=719"}],"version-history":[{"count":6,"href":"https:\/\/neigierisch.de\/sien\/wp-json\/wp\/v2\/posts\/719\/revisions"}],"predecessor-version":[{"id":731,"href":"https:\/\/neigierisch.de\/sien\/wp-json\/wp\/v2\/posts\/719\/revisions\/731"}],"wp:attachment":[{"href":"https:\/\/neigierisch.de\/sien\/wp-json\/wp\/v2\/media?parent=719"}],"wp:term":[{"taxonomy":"category","embeddable":true,"href":"https:\/\/neigierisch.de\/sien\/wp-json\/wp\/v2\/categories?post=719"},{"taxonomy":"post_tag","embeddable":true,"href":"https:\/\/neigierisch.de\/sien\/wp-json\/wp\/v2\/tags?post=719"}],"curies":[{"name":"wp","href":"https:\/\/api.w.org\/{rel}","templated":true}]}}