{"id":610,"date":"2016-03-09T16:47:38","date_gmt":"2016-03-09T15:47:38","guid":{"rendered":"http:\/\/neigierisch.de\/regionales\/?p=610"},"modified":"2016-04-24T11:07:03","modified_gmt":"2016-04-24T09:07:03","slug":"sitzung-der-12plus-in-mittelreidenbach","status":"publish","type":"post","link":"https:\/\/neigierisch.de\/regionales\/2016\/03\/09\/sitzung-der-12plus-in-mittelreidenbach\/","title":{"rendered":"Sitzung der &#8222;12plus&#8220; in Mittelreidenbach"},"content":{"rendered":"<p><a href=\"http:\/\/neigierisch.de\/regionales\/wp-content\/uploads\/sites\/3\/2016\/03\/NZ-12plus-Situng-Mittelreidenbach.jpg\" target=\"_blank\" rel=\"attachment wp-att-612\"><img loading=\"lazy\" decoding=\"async\" class=\"size-medium wp-image-612 alignleft\" src=\"http:\/\/neigierisch.de\/regionales\/wp-content\/uploads\/sites\/3\/2016\/03\/NZ-12plus-Situng-Mittelreidenbach-300x177.jpg\" alt=\"NZ-12plus-Situng-Mittelreidenbach\" width=\"300\" height=\"177\" srcset=\"https:\/\/neigierisch.de\/regionales\/wp-content\/uploads\/sites\/3\/2016\/03\/NZ-12plus-Situng-Mittelreidenbach-300x177.jpg 300w, https:\/\/neigierisch.de\/regionales\/wp-content\/uploads\/sites\/3\/2016\/03\/NZ-12plus-Situng-Mittelreidenbach-768x453.jpg 768w, https:\/\/neigierisch.de\/regionales\/wp-content\/uploads\/sites\/3\/2016\/03\/NZ-12plus-Situng-Mittelreidenbach-1024x603.jpg 1024w, https:\/\/neigierisch.de\/regionales\/wp-content\/uploads\/sites\/3\/2016\/03\/NZ-12plus-Situng-Mittelreidenbach-250x147.jpg 250w, https:\/\/neigierisch.de\/regionales\/wp-content\/uploads\/sites\/3\/2016\/03\/NZ-12plus-Situng-Mittelreidenbach.jpg 1064w\" sizes=\"auto, (max-width: 300px) 100vw, 300px\" \/><\/a>Die Nahe-Zeitung berichtete am 8.03.2016 von der Sitzung der &#8222;12plus&#8220; in Mittelreidenbach. Der jeweilige Ortsb\u00fcrgermeister des Dorfes in dem die Sitzung stattfindet (diesmal Raimund Steitz), ist immer Sitzungsleiter.<!--more--> Auf der Deimberger Sitzung wurden Markus Christian (Ortsb\u00fcrgermeister von Grumbach) und Andreas Scheib (Beigeordneter von Grumbach) zu Sprechern der &#8222;12plus&#8220; gew\u00e4hlt. Durch Anklicken des Bildes wird der Zeitungsartikel so vergr\u00f6\u00dfert, dass er lesbar wird. In einem Ausschnitt (Mitte unten) sind die D\u00f6rfer aufgez\u00e4hlt, die sich z.Z an der Arbeit der &#8222;12plus&#8220; beteiligen.<\/p>\n","protected":false},"excerpt":{"rendered":"<p>Die Nahe-Zeitung berichtete am 8.03.2016 von der Sitzung der &#8222;12plus&#8220; in Mittelreidenbach. Der jeweilige Ortsb\u00fcrgermeister des Dorfes in dem die [&hellip;]<\/p>\n","protected":false},"author":1,"featured_media":0,"comment_status":"open","ping_status":"open","sticky":false,"template":"","format":"standard","meta":{"footnotes":""},"categories":[31,42,17,27,1],"tags":[],"class_list":["post-610","post","type-post","status-publish","format-standard","hentry","category-infrastruktur","category-politik","category-presse","category-identitaet","category-regionalnachrichten","has_thumb"],"_links":{"self":[{"href":"https:\/\/neigierisch.de\/regionales\/wp-json\/wp\/v2\/posts\/610","targetHints":{"allow":["GET"]}}],"collection":[{"href":"https:\/\/neigierisch.de\/regionales\/wp-json\/wp\/v2\/posts"}],"about":[{"href":"https:\/\/neigierisch.de\/regionales\/wp-json\/wp\/v2\/types\/post"}],"author":[{"embeddable":true,"href":"https:\/\/neigierisch.de\/regionales\/wp-json\/wp\/v2\/users\/1"}],"replies":[{"embeddable":true,"href":"https:\/\/neigierisch.de\/regionales\/wp-json\/wp\/v2\/comments?post=610"}],"version-history":[{"count":8,"href":"https:\/\/neigierisch.de\/regionales\/wp-json\/wp\/v2\/posts\/610\/revisions"}],"predecessor-version":[{"id":620,"href":"https:\/\/neigierisch.de\/regionales\/wp-json\/wp\/v2\/posts\/610\/revisions\/620"}],"wp:attachment":[{"href":"https:\/\/neigierisch.de\/regionales\/wp-json\/wp\/v2\/media?parent=610"}],"wp:term":[{"taxonomy":"category","embeddable":true,"href":"https:\/\/neigierisch.de\/regionales\/wp-json\/wp\/v2\/categories?post=610"},{"taxonomy":"post_tag","embeddable":true,"href":"https:\/\/neigierisch.de\/regionales\/wp-json\/wp\/v2\/tags?post=610"}],"curies":[{"name":"wp","href":"https:\/\/api.w.org\/{rel}","templated":true}]}}