{"id":1287,"date":"2018-07-23T13:07:17","date_gmt":"2018-07-23T11:07:17","guid":{"rendered":"http:\/\/neigierisch.de\/regionales\/?p=1287"},"modified":"2018-08-01T15:52:13","modified_gmt":"2018-08-01T13:52:13","slug":"einladung-informationsveranstaltung-zum-windpark-sien","status":"publish","type":"post","link":"https:\/\/neigierisch.de\/regionales\/2018\/07\/23\/einladung-informationsveranstaltung-zum-windpark-sien\/","title":{"rendered":"Einladung &#8211; Informationsveranstaltung zum Windpark Sien"},"content":{"rendered":"<p><strong>Einladung &#8211; Informationsveranstaltung zum Windpark Sien<\/strong><\/p>\n<p><strong>M\u00fcnchen\/Mainz, 23. Juli 2018:<\/strong><br \/>\nDie BayWa r.e. l\u00e4dt alle interessierten B\u00fcrger aus Sien und Umgebung zu einer Informationsveranstaltung zum Windpark Sien ein.<br \/>\nDas Team aus dem Regionalb\u00fcro Mainz der BayWa r.e. wird umfassend \u00fcber die geplante Anlagentechnik, den Stand der Bauarbeiten und die n\u00e4chsten Schritte auf der Baustelle informieren. Daneben werden Themen wie Naturschutz und Schallemissionen vorgestellt und es wird Gelegenheit zur Beantwortung Ihrer Fragen zum Projekt geben. Ganz mutige k\u00f6nnen mit einer VR Brille virtuell durch den Turm hindurch eine Windenergieanlage erklimmen.<br \/>\nWir freuen uns auf Sie!<\/p>\n<p><strong>Ort: Turnhalle Sien<\/strong><br \/>\n<strong>Datum 2. August 2018<\/strong><br \/>\n<strong>Uhrzeit: 16 Uhr bis 19 Uhr \u2013 es lohnt sich, auch nur f\u00fcr eine halbe Stunde vorbei zu kommen!<\/strong><\/p>\n<p><!--more--><\/p>\n<p><em><strong>BayWa r.e. renewable energy GmbH (BayWa r.e.):<\/strong><\/em><\/p>\n<p><em>Die BayWa r.e. renewable energy GmbH b\u00fcndelt als 100%ige Tochter der BayWa AG die Aktivit\u00e4ten der Gesch\u00e4ftsfelder Solarenergie, Windenergie, Bioenergie sowie Geothermie. Mit Hauptsitz in M\u00fcnchen ist BayWa r.e. weltweit aktiv. Als Full-Service-Partner mit \u00fcber 1.300 Mitarbeitern und mehr als 25 Jahren Markterfahrung entwickelt, realisiert, ber\u00e4t und betreut BayWa r.e. Projekte im Bereich der Erneuerbaren Energien. Das Unternehmen \u00fcbernimmt dar\u00fcber hinaus die Betriebsf\u00fchrung sowie die Instandhaltung von Anlagen. Weitere Gesch\u00e4ftst\u00e4tigkeiten umfassen den Handel mit Photovoltaik-Komponenten und den Einkauf und die Vermarktung von Energie aus erneuerbaren Quellen.<\/em><\/p>\n<p><em>Die Muttergesellschaft BayWa AG ist ein internationaler Handels- und Dienstleistungskonzern mit den Kernsegmenten Agrar, Energie und Bau.<\/em><\/p>\n<p><strong>Kontakt:<\/strong><\/p>\n<p>BayWa r.e. renewable energy GmbH<br \/>\nFelix Gmelin<br \/>\nCorporate Communications<br \/>\nTelefon: +49 89-383932-5817<br \/>\nE-Mail: felix.gmelin@baywa-re.com<br \/>\nWeb: <a href=\"http:\/\/www.windpark-sien.de\" target=\"_blank\" rel=\"noopener\">www.windpark-sien.de<\/a><\/p>\n","protected":false},"excerpt":{"rendered":"<p>Einladung &#8211; Informationsveranstaltung zum Windpark Sien M\u00fcnchen\/Mainz, 23. Juli 2018: Die BayWa r.e. l\u00e4dt alle interessierten B\u00fcrger aus Sien und [&hellip;]<\/p>\n","protected":false},"author":55,"featured_media":0,"comment_status":"open","ping_status":"open","sticky":false,"template":"","format":"standard","meta":{"footnotes":""},"categories":[7,1,25],"tags":[],"class_list":["post-1287","post","type-post","status-publish","format-standard","hentry","category-energiewende","category-regionalnachrichten","category-veranstaltungen","has_no_thumb"],"_links":{"self":[{"href":"https:\/\/neigierisch.de\/regionales\/wp-json\/wp\/v2\/posts\/1287","targetHints":{"allow":["GET"]}}],"collection":[{"href":"https:\/\/neigierisch.de\/regionales\/wp-json\/wp\/v2\/posts"}],"about":[{"href":"https:\/\/neigierisch.de\/regionales\/wp-json\/wp\/v2\/types\/post"}],"author":[{"embeddable":true,"href":"https:\/\/neigierisch.de\/regionales\/wp-json\/wp\/v2\/users\/55"}],"replies":[{"embeddable":true,"href":"https:\/\/neigierisch.de\/regionales\/wp-json\/wp\/v2\/comments?post=1287"}],"version-history":[{"count":11,"href":"https:\/\/neigierisch.de\/regionales\/wp-json\/wp\/v2\/posts\/1287\/revisions"}],"predecessor-version":[{"id":1298,"href":"https:\/\/neigierisch.de\/regionales\/wp-json\/wp\/v2\/posts\/1287\/revisions\/1298"}],"wp:attachment":[{"href":"https:\/\/neigierisch.de\/regionales\/wp-json\/wp\/v2\/media?parent=1287"}],"wp:term":[{"taxonomy":"category","embeddable":true,"href":"https:\/\/neigierisch.de\/regionales\/wp-json\/wp\/v2\/categories?post=1287"},{"taxonomy":"post_tag","embeddable":true,"href":"https:\/\/neigierisch.de\/regionales\/wp-json\/wp\/v2\/tags?post=1287"}],"curies":[{"name":"wp","href":"https:\/\/api.w.org\/{rel}","templated":true}]}}