{"id":1265,"date":"2018-04-20T17:48:45","date_gmt":"2018-04-20T15:48:45","guid":{"rendered":"http:\/\/neigierisch.de\/regionales\/?p=1265"},"modified":"2018-04-20T18:05:51","modified_gmt":"2018-04-20T16:05:51","slug":"schwimmbad-saison-2018","status":"publish","type":"post","link":"https:\/\/neigierisch.de\/regionales\/2018\/04\/20\/schwimmbad-saison-2018\/","title":{"rendered":"Schwimmbad Saison 2018"},"content":{"rendered":"<h5><strong>Die Verbandsgemeindeverwaltung Lauterecken-Wolfstein informiert \u00fcber<\/strong><\/p>\n<ul>\n<li><strong>die Saisioner\u00f6ffnung,<\/strong><\/li>\n<li><strong>den Kauf der Eintrittskarten und<\/strong><\/li>\n<li><strong>die Preise<\/strong><\/li>\n<\/ul>\n<p><strong>der beiden Schwimmb\u00e4der der VG f\u00fcr 2018 in einer <a href=\"http:\/\/neigierisch.de\/regionales\/wp-content\/uploads\/sites\/3\/2018\/04\/Er\u00f6ffnung-Kauf-der-Eintrittskarten-und-Preise-2018.pdf\" target=\"_blank\" rel=\"noopener\"> PDF-Datei <\/a>.<\/strong><\/h5>\n","protected":false},"excerpt":{"rendered":"<p>Die Verbandsgemeindeverwaltung Lauterecken-Wolfstein informiert \u00fcber die Saisioner\u00f6ffnung, den Kauf der Eintrittskarten und die Preise der beiden Schwimmb\u00e4der der VG f\u00fcr [&hellip;]<\/p>\n","protected":false},"author":1,"featured_media":0,"comment_status":"open","ping_status":"open","sticky":false,"template":"","format":"standard","meta":{"footnotes":""},"categories":[1],"tags":[],"class_list":["post-1265","post","type-post","status-publish","format-standard","hentry","category-regionalnachrichten","has_no_thumb"],"_links":{"self":[{"href":"https:\/\/neigierisch.de\/regionales\/wp-json\/wp\/v2\/posts\/1265","targetHints":{"allow":["GET"]}}],"collection":[{"href":"https:\/\/neigierisch.de\/regionales\/wp-json\/wp\/v2\/posts"}],"about":[{"href":"https:\/\/neigierisch.de\/regionales\/wp-json\/wp\/v2\/types\/post"}],"author":[{"embeddable":true,"href":"https:\/\/neigierisch.de\/regionales\/wp-json\/wp\/v2\/users\/1"}],"replies":[{"embeddable":true,"href":"https:\/\/neigierisch.de\/regionales\/wp-json\/wp\/v2\/comments?post=1265"}],"version-history":[{"count":6,"href":"https:\/\/neigierisch.de\/regionales\/wp-json\/wp\/v2\/posts\/1265\/revisions"}],"predecessor-version":[{"id":1272,"href":"https:\/\/neigierisch.de\/regionales\/wp-json\/wp\/v2\/posts\/1265\/revisions\/1272"}],"wp:attachment":[{"href":"https:\/\/neigierisch.de\/regionales\/wp-json\/wp\/v2\/media?parent=1265"}],"wp:term":[{"taxonomy":"category","embeddable":true,"href":"https:\/\/neigierisch.de\/regionales\/wp-json\/wp\/v2\/categories?post=1265"},{"taxonomy":"post_tag","embeddable":true,"href":"https:\/\/neigierisch.de\/regionales\/wp-json\/wp\/v2\/tags?post=1265"}],"curies":[{"name":"wp","href":"https:\/\/api.w.org\/{rel}","templated":true}]}}