{"id":174,"date":"2023-08-04T20:30:36","date_gmt":"2023-08-04T18:30:36","guid":{"rendered":"https:\/\/neigierisch.de\/phantasien\/?p=174"},"modified":"2023-08-18T21:15:20","modified_gmt":"2023-08-18T19:15:20","slug":"phantasien-2023-sonntag-kein-eintritt","status":"publish","type":"post","link":"https:\/\/neigierisch.de\/phantasien\/2023\/08\/04\/phantasien-2023-sonntag-kein-eintritt\/","title":{"rendered":"PhantaSien 2023 \u2014 Sonntag \u2013 kein Eintritt"},"content":{"rendered":"<h2>Programm<\/h2>\n<blockquote><p><span style=\"color: #ff0000;\">10.00 Uhr<\/span><\/p><\/blockquote>\n<p style=\"padding-left: 40px;\"><strong>\u00d6kumenischer Gottesdienst in der katholischen Kirche<\/strong><\/p>\n<blockquote><p><span style=\"color: #ff0000;\">11.00 Uhr<br \/>\n<\/span><\/p><\/blockquote>\n<p style=\"padding-left: 40px;\"><strong>Fr\u00fchschoppen<\/strong> mit den <span style=\"color: #008000;\"><em><strong>Sienerwind-Musikanten <\/strong><\/em><\/span>&#8212; F\u00fcrst-Dominik-Stra\u00dfe, N\u00e4he Schlo\u00df &#8212; <a href=\"http:\/\/sienerwind.de\" target=\"_blank\" rel=\"noopener\">LINK zur Homepage<\/a><\/p>\n<p style=\"padding-left: 40px;\"><span style=\"color: #333333;\"><strong>Gem\u00e4lde- und Bilderausstellungen<\/strong><\/span><\/p>\n<ul>\n<li><span style=\"color: #008000;\"><em><strong>\u201eSien \u2013 mit K\u00fcnstleraugen gesehen\u201c<\/strong><\/em> <\/span>&#8212; in der evangelischen Kirche<br \/>\nEs sind fast ein Dutzend K\u00fcnstlerinnen und K\u00fcnstler, einheimische wie ausw\u00e4rtige, renommierte &#8211; wie Amateure, die ihren Blick auf Sien, auf seine Sch\u00f6nheiten und versteckten Winkel, geworfen und auf die Leinwand gebannt haben.<br \/>\n<span style=\"color: #008000;\"><em><strong>Weinstand mit Siener Wein<\/strong><\/em><\/span> \u2013 vor dem Haupteingang der evangelischen Kirche unter den Linden<\/li>\n<li><strong><span style=\"color: #339966;\"><em>Roger Graff<\/em><\/span>, Maler und Fotograf aus Altenglan<\/strong>; er ist inzwischen ein international bekannter K\u00fcnstler, mit Ausstellungen zuletzt in \u00d6sterreich und in ganz Europa. Er hat weltweit Kunden und stellt seine Werke, die auch erworben werden k\u00f6nnen, in der ehemaligen Metzgerei neben dem Schlo\u00df aus.<\/li>\n<li><strong><span style=\"color: #339966;\"><em>Tino Gerlach<\/em><\/span>, Airbrush-Designer aus Sch\u00f6nenberg-K\u00fcbelberg<\/strong>; er ist ein international anerkannter Airbrush-K\u00fcnstler, mit Ausstellungen in Amerika. Er erhielt internationale Auszeichnungen. Seine Werke werden im katholischen Pfarrheim zu sehen und zu erwerben sein.<\/li>\n<\/ul>\n<p style=\"padding-left: 40px;\"><strong><em><span style=\"color: #008000;\">Marktst\u00e4nde &#8212; <\/span><\/em><\/strong>im Siener Ortskern<\/p>\n<p style=\"padding-left: 40px;\"><em><span style=\"color: #008000;\"><strong>Oldtimer-Ausstellungen<\/strong><\/span><\/em><br \/>\n<span style=\"color: #808000;\"><em><strong>Motorr\u00e4der<\/strong><\/em><\/span> &#8212; F\u00fcrst-Dominik-Stra\u00dfe, an der katholischen Kirche<br \/>\n<span style=\"color: #808000;\"><em><strong>Autos \/ Schlepper<\/strong><\/em><\/span> &#8212; Hof Huck, an der Sickinger Stra\u00dfe<\/p>\n<blockquote><p><span style=\"color: #ff0000;\">13.00 Uhr<\/span><\/p><\/blockquote>\n<p style=\"padding-left: 40px;\"><span style=\"color: #008000;\"><em><strong>Clown Otsch<\/strong><\/em><\/span> &#8212; auf B\u00fchne 1 &#8212; <a href=\"http:\/\/otsch.de\" target=\"_blank\" rel=\"noopener\">LINK zur Homepage<\/a><br \/>\nmit <span style=\"color: #008000;\"><em>Kinderschminken<\/em><\/span><\/p>\n<blockquote><p><span style=\"color: #ff0000;\">13.30 Uhr<\/span><\/p><\/blockquote>\n<p style=\"padding-left: 40px;\"><span style=\"color: #008000;\"><em><strong>P\u00e4lzer Cantry B\u00e4nd<\/strong><\/em><\/span> auf B\u00fchne 2 &#8212; <a href=\"https:\/\/www.cantry.de\" target=\"_blank\" rel=\"noopener\">LINK zur Homepage<\/a><br \/>\n<strong>Sambagruppe <span style=\"color: #008000;\"><em>Samba O&#8217;Leck<\/em><\/span><\/strong><span style=\"color: #008000;\"><em><span style=\"color: #333333;\"> &#8212;<\/span><\/em><\/span> Im Ortskern \/ Auf Siener Stra\u00dfen &#8212; <a href=\"https:\/\/www.samba-o-leck.de\" target=\"_blank\" rel=\"noopener\">LINK zur Homepage<\/a><br \/>\n<span style=\"color: #ffcc00;\"><em><strong>Musikalische Sonnenblumen<\/strong><\/em><\/span> (Walk Acts auf Siener Stra\u00dfen) &#8212; <a href=\"https:\/\/prrrr.de\/musik-und-sonnenblumen-mlle-prrrr-lara-finn-akkordeon-und-tuba\/\" target=\"_blank\" rel=\"noopener\">Musik und Sonnenblumen Mlle Prrrr\u2026 &amp; Lara Finn<\/a><\/p>\n<blockquote><p><span style=\"color: #ff0000;\">14.30 Uhr<\/span><\/p><\/blockquote>\n<p style=\"padding-left: 40px;\"><em>\u00a0<\/em><span style=\"color: #008000;\"><em><strong>Rh\u00f6nradvorf\u00fchrung <\/strong><\/em><\/span>im Ortskern<\/p>\n<blockquote><p><span style=\"color: #ff0000;\">16.00 Uhr<\/span><\/p><\/blockquote>\n<p><img loading=\"lazy\" decoding=\"async\" class=\"size-medium wp-image-244 alignright\" src=\"http:\/\/neigierisch.de\/phantasien\/wp-content\/uploads\/sites\/50\/2023\/08\/Butzlumbe-300x120.png\" alt=\"\" width=\"300\" height=\"120\" srcset=\"https:\/\/neigierisch.de\/phantasien\/wp-content\/uploads\/sites\/50\/2023\/08\/Butzlumbe-300x120.png 300w, https:\/\/neigierisch.de\/phantasien\/wp-content\/uploads\/sites\/50\/2023\/08\/Butzlumbe-768x307.png 768w, https:\/\/neigierisch.de\/phantasien\/wp-content\/uploads\/sites\/50\/2023\/08\/Butzlumbe-250x100.png 250w, https:\/\/neigierisch.de\/phantasien\/wp-content\/uploads\/sites\/50\/2023\/08\/Butzlumbe.png 1000w\" sizes=\"auto, (max-width: 300px) 100vw, 300px\" \/><\/p>\n<p style=\"padding-left: 40px;\">Die <span style=\"color: #008000;\"><strong><em>Butz Lumbe<\/em><\/strong><\/span> auf B\u00fchne 1<\/p>\n","protected":false},"excerpt":{"rendered":"<p>Programm 10.00 Uhr \u00d6kumenischer Gottesdienst in der katholischen Kirche 11.00 Uhr Fr\u00fchschoppen mit den Sienerwind-Musikanten &#8212; F\u00fcrst-Dominik-Stra\u00dfe, N\u00e4he Schlo\u00df &#8212; LINK zur Homepage Gem\u00e4lde- und Bilderausstellungen \u201eSien \u2013 mit K\u00fcnstleraugen [&hellip;]<\/p>\n","protected":false},"author":1,"featured_media":0,"comment_status":"open","ping_status":"closed","sticky":false,"template":"","format":"standard","meta":{"footnotes":""},"categories":[8,9,1],"tags":[],"class_list":["post-174","post","type-post","status-publish","format-standard","hentry","category-8","category-allgemein-2","category-phantasien","has_thumb"],"_links":{"self":[{"href":"https:\/\/neigierisch.de\/phantasien\/wp-json\/wp\/v2\/posts\/174","targetHints":{"allow":["GET"]}}],"collection":[{"href":"https:\/\/neigierisch.de\/phantasien\/wp-json\/wp\/v2\/posts"}],"about":[{"href":"https:\/\/neigierisch.de\/phantasien\/wp-json\/wp\/v2\/types\/post"}],"author":[{"embeddable":true,"href":"https:\/\/neigierisch.de\/phantasien\/wp-json\/wp\/v2\/users\/1"}],"replies":[{"embeddable":true,"href":"https:\/\/neigierisch.de\/phantasien\/wp-json\/wp\/v2\/comments?post=174"}],"version-history":[{"count":54,"href":"https:\/\/neigierisch.de\/phantasien\/wp-json\/wp\/v2\/posts\/174\/revisions"}],"predecessor-version":[{"id":245,"href":"https:\/\/neigierisch.de\/phantasien\/wp-json\/wp\/v2\/posts\/174\/revisions\/245"}],"wp:attachment":[{"href":"https:\/\/neigierisch.de\/phantasien\/wp-json\/wp\/v2\/media?parent=174"}],"wp:term":[{"taxonomy":"category","embeddable":true,"href":"https:\/\/neigierisch.de\/phantasien\/wp-json\/wp\/v2\/categories?post=174"},{"taxonomy":"post_tag","embeddable":true,"href":"https:\/\/neigierisch.de\/phantasien\/wp-json\/wp\/v2\/tags?post=174"}],"curies":[{"name":"wp","href":"https:\/\/api.w.org\/{rel}","templated":true}]}}