{"id":11,"date":"2018-06-18T10:04:18","date_gmt":"2018-06-18T08:04:18","guid":{"rendered":"http:\/\/neigierisch.de\/phantasien\/?p=11"},"modified":"2023-05-26T17:24:37","modified_gmt":"2023-05-26T15:24:37","slug":"phantasien-2018-1-teil-samstag-eintritt-frei","status":"publish","type":"post","link":"https:\/\/neigierisch.de\/phantasien\/2018\/06\/18\/phantasien-2018-1-teil-samstag-eintritt-frei\/","title":{"rendered":"PhantaSien 2018 \u2014 1. Teil \u2013 Samstag \u2013 Eintritt frei"},"content":{"rendered":"<h2>Auf der gro\u00dfen B\u00fchne, Kirchweg<\/h2>\n<h4>19.30 Uhr: Er\u00f6ffnung<\/h4>\n<ul>\n<li><strong>Begr\u00fc\u00dfung der G\u00e4ste durch Stephanie M\u00fcller<\/strong><\/li>\n<li><strong>Gru\u00dfworte von Otto Sch\u00fctzle (Ortsb\u00fcrgermeister)<\/strong><\/li>\n<li><strong>Gru\u00dfworte von Michael Jung (Otto-Jung-Stiftung)<\/strong><\/li>\n<\/ul>\n<h4>19.50 Uhr: Zumba-Gruppe<\/h4>\n<h4>20.00 Uhr: <span style=\"font-family: Segoe Script;\"><span style=\"font-size: x-large;\">Creme Double &#8211;<\/span><\/span>\u00a0 Teil 1<\/h4>\n<h4>20.45-21.00 Uhr Pause<\/h4>\n<h4>21.00-22.00 Uhr: <span style=\"font-family: Segoe Script;\"><span style=\"font-size: x-large;\">Creme Double &#8211;<\/span><\/span> Teil 2<\/h4>\n<p><a href=\"https:\/\/youtu.be\/RfCe1w1CzkQ\" target=\"_blank\" rel=\"noopener\"><img loading=\"lazy\" decoding=\"async\" class=\"size-full wp-image-43 alignleft\" src=\"http:\/\/neigierisch.de\/phantasien\/wp-content\/uploads\/sites\/50\/2018\/02\/cremedouble.png\" alt=\"\" width=\"250\" height=\"55\" \/><\/a>das sind drei K\u00fcnstler aus Osnabr\u00fcck: Tine Schoch, Ralf Siebenand und Katrin Orth kommen nach Sien mit<\/p>\n<h4 style=\"text-align: center;\">&#8222;Die Tupperparty&#8220;<\/h4>\n<p><strong>Mit eine KLick auf das Logo der Gruppe k\u00f6nnen sie ein Video von &#8222;Die Tupperparty&#8220; bei YouTube sehen.<\/strong><\/p>\n<h5>anschlie\u00dfend Autogrammstunde<\/h5>\n","protected":false},"excerpt":{"rendered":"<p>Auf der gro\u00dfen B\u00fchne, Kirchweg 19.30 Uhr: Er\u00f6ffnung Begr\u00fc\u00dfung der G\u00e4ste durch Stephanie M\u00fcller Gru\u00dfworte von Otto Sch\u00fctzle (Ortsb\u00fcrgermeister) Gru\u00dfworte von Michael Jung (Otto-Jung-Stiftung) 19.50 Uhr: Zumba-Gruppe 20.00 Uhr: Creme [&hellip;]<\/p>\n","protected":false},"author":1,"featured_media":0,"comment_status":"closed","ping_status":"closed","sticky":false,"template":"","format":"standard","meta":{"footnotes":""},"categories":[5,9,1],"tags":[],"class_list":["post-11","post","type-post","status-publish","format-standard","hentry","category-5","category-allgemein-2","category-phantasien","has_thumb"],"_links":{"self":[{"href":"https:\/\/neigierisch.de\/phantasien\/wp-json\/wp\/v2\/posts\/11","targetHints":{"allow":["GET"]}}],"collection":[{"href":"https:\/\/neigierisch.de\/phantasien\/wp-json\/wp\/v2\/posts"}],"about":[{"href":"https:\/\/neigierisch.de\/phantasien\/wp-json\/wp\/v2\/types\/post"}],"author":[{"embeddable":true,"href":"https:\/\/neigierisch.de\/phantasien\/wp-json\/wp\/v2\/users\/1"}],"replies":[{"embeddable":true,"href":"https:\/\/neigierisch.de\/phantasien\/wp-json\/wp\/v2\/comments?post=11"}],"version-history":[{"count":29,"href":"https:\/\/neigierisch.de\/phantasien\/wp-json\/wp\/v2\/posts\/11\/revisions"}],"predecessor-version":[{"id":108,"href":"https:\/\/neigierisch.de\/phantasien\/wp-json\/wp\/v2\/posts\/11\/revisions\/108"}],"wp:attachment":[{"href":"https:\/\/neigierisch.de\/phantasien\/wp-json\/wp\/v2\/media?parent=11"}],"wp:term":[{"taxonomy":"category","embeddable":true,"href":"https:\/\/neigierisch.de\/phantasien\/wp-json\/wp\/v2\/categories?post=11"},{"taxonomy":"post_tag","embeddable":true,"href":"https:\/\/neigierisch.de\/phantasien\/wp-json\/wp\/v2\/tags?post=11"}],"curies":[{"name":"wp","href":"https:\/\/api.w.org\/{rel}","templated":true}]}}