{"id":924,"date":"2020-03-07T16:51:43","date_gmt":"2020-03-07T16:51:43","guid":{"rendered":"http:\/\/neigierisch.de\/anzeigen\/?p=924"},"modified":"2021-07-11T20:20:45","modified_gmt":"2021-07-11T20:20:45","slug":"17-03-20-vortrag-ueber-heimische-schmetterlinge-in-duchroth","status":"publish","type":"post","link":"https:\/\/neigierisch.de\/anzeigen\/2020\/03\/07\/17-03-20-vortrag-ueber-heimische-schmetterlinge-in-duchroth\/","title":{"rendered":"17.03.20: Vortrag \u00fcber heimische Schmetterlinge in Duchroth."},"content":{"rendered":"<p><a href=\"https:\/\/neigierisch.de\/anzeigen\/wp-content\/uploads\/sites\/2\/2020\/03\/529-06-1.png\" target=\"_blank\" rel=\"noopener noreferrer\"><img loading=\"lazy\" decoding=\"async\" class=\"alignleft wp-image-925 size-medium\" src=\"https:\/\/neigierisch.de\/anzeigen\/wp-content\/uploads\/sites\/2\/2020\/03\/529-06-1-214x300.png\" alt=\"\" width=\"214\" height=\"300\" srcset=\"https:\/\/neigierisch.de\/anzeigen\/wp-content\/uploads\/sites\/2\/2020\/03\/529-06-1-214x300.png 214w, https:\/\/neigierisch.de\/anzeigen\/wp-content\/uploads\/sites\/2\/2020\/03\/529-06-1-250x350.png 250w, https:\/\/neigierisch.de\/anzeigen\/wp-content\/uploads\/sites\/2\/2020\/03\/529-06-1.png 614w\" sizes=\"auto, (max-width: 214px) 100vw, 214px\" \/><\/a><strong>Der Verein Kultur und Landschaft Duchroth e.V. l\u00e4dt ein zu einem Vortrag \u00fcber heimische Schmetterlinge am Dienstag, den 17. M\u00e4rz 2020 um 19 Uhr im Haus Schumacher, Naheweinstra\u00dfe 35 in Duchroth.<\/strong><br \/>\nDr. Thomas Geier bringt uns mit seinem Referat &#8222;Schmetterlingsparadies Mittlere Nahe und Soonwald&#8220; unsere Natursch\u00e4tze n\u00e4her. Auch seltene Schmetterlinge unmittelbar vor unserer Haust\u00fcr auf dem Gangelsberg und in unseren G\u00e4rten werden Thema sein.<\/p>\n","protected":false},"excerpt":{"rendered":"<p>Der Verein Kultur und Landschaft Duchroth e.V. l\u00e4dt ein zu einem Vortrag \u00fcber heimische Schmetterlinge am Dienstag, den 17. M\u00e4rz 2020 um 19 Uhr im [&hellip;]<\/p>\n","protected":false},"author":1,"featured_media":0,"comment_status":"closed","ping_status":"closed","sticky":false,"template":"","format":"standard","meta":{"footnotes":""},"categories":[1,52,61],"tags":[],"class_list":["post-924","post","type-post","status-publish","format-standard","hentry","category-anzeige","category-fotovortrag","category-natur","has_thumb"],"_links":{"self":[{"href":"https:\/\/neigierisch.de\/anzeigen\/wp-json\/wp\/v2\/posts\/924","targetHints":{"allow":["GET"]}}],"collection":[{"href":"https:\/\/neigierisch.de\/anzeigen\/wp-json\/wp\/v2\/posts"}],"about":[{"href":"https:\/\/neigierisch.de\/anzeigen\/wp-json\/wp\/v2\/types\/post"}],"author":[{"embeddable":true,"href":"https:\/\/neigierisch.de\/anzeigen\/wp-json\/wp\/v2\/users\/1"}],"replies":[{"embeddable":true,"href":"https:\/\/neigierisch.de\/anzeigen\/wp-json\/wp\/v2\/comments?post=924"}],"version-history":[{"count":1,"href":"https:\/\/neigierisch.de\/anzeigen\/wp-json\/wp\/v2\/posts\/924\/revisions"}],"predecessor-version":[{"id":926,"href":"https:\/\/neigierisch.de\/anzeigen\/wp-json\/wp\/v2\/posts\/924\/revisions\/926"}],"wp:attachment":[{"href":"https:\/\/neigierisch.de\/anzeigen\/wp-json\/wp\/v2\/media?parent=924"}],"wp:term":[{"taxonomy":"category","embeddable":true,"href":"https:\/\/neigierisch.de\/anzeigen\/wp-json\/wp\/v2\/categories?post=924"},{"taxonomy":"post_tag","embeddable":true,"href":"https:\/\/neigierisch.de\/anzeigen\/wp-json\/wp\/v2\/tags?post=924"}],"curies":[{"name":"wp","href":"https:\/\/api.w.org\/{rel}","templated":true}]}}