{"id":736,"date":"2019-11-16T10:48:09","date_gmt":"2019-11-16T10:48:09","guid":{"rendered":"http:\/\/neigierisch.de\/anzeigen\/?p=736"},"modified":"2019-11-16T10:49:22","modified_gmt":"2019-11-16T10:49:22","slug":"8-12-19-advents-und-weihnachtsliedersingen-kirche-zu-griebelschied","status":"publish","type":"post","link":"https:\/\/neigierisch.de\/anzeigen\/2019\/11\/16\/8-12-19-advents-und-weihnachtsliedersingen-kirche-zu-griebelschied\/","title":{"rendered":"8.12.19: Advents- und Weihnachtsliedersingen &#8211; Kirche zu Griebelschied"},"content":{"rendered":"<h3>Einladung zum Advents- und Weihnachtsliedersingen<\/h3>\n<p><strong>am 2. Advent, 8. 12. 2019, um 15 Uhr in der Kirche zu Griebelschied<br \/>\nbei Kaffee, Tee, Kinderpunsch und Pl\u00e4tzchen plus<br \/>\nmit Chorleiterin Eva Wecklein, Fl\u00f6te, und Wolfgang Hill, Keyboard<\/strong><br \/>\nWir freuen uns, wenn viele gro\u00dfe und kleine Leute dieser Einladung folgen, um sich einzustimmen auf Advent und Weihnachten. Wir singen unter Anleitung von Eva Wecklein und begleitet von Wolfgang Hill am Keyboard bekannte Advents- und Weihnachtslieder. Sie tragen die Vorfreude auf Weihnachten in sich.<br \/>\nUnd Kaffee, Tee, Kinderpunsch, Gl\u00fchwein und Pl\u00e4tzchen vorneweg und zwischendrin tun ein \u00dcbriges (bitte eigene Tasse mitbringen).<br \/>\nDer F\u00f6rderverein Kirche Bergen freut sich \u00fcber die aktive Unterst\u00fctzung und die sehr gute Zusammenarbeit mit der Ortsgemeinde Griebelschied.<br \/>\nAusgangspunkt des Vereins ist zwar der Notfall des maroden Kirchendaches in Bergen (Kirche derzeit geschlossen). Doch jede Veranstaltung tr\u00e4gt ihren guten Sinn in sich selbst, soll Freude machen und zeigt damit wie wichtig jede Kirche f\u00fcr ihren Ort ist, &#8211; nicht zuletzt f\u00fcr die Bewirtschaftung der Kirchengeb\u00e4ude.<br \/>\nMit vorweihnachtlichen Gr\u00fc\u00dfen<\/p>\n<p>Der Vorstand des F\u00f6rdervereins Kirche Bergen e.V.<\/p>\n","protected":false},"excerpt":{"rendered":"<p>Einladung zum Advents- und Weihnachtsliedersingen am 2. Advent, 8. 12. 2019, um 15 Uhr in der Kirche zu Griebelschied bei Kaffee, Tee, Kinderpunsch und Pl\u00e4tzchen [&hellip;]<\/p>\n","protected":false},"author":1,"featured_media":0,"comment_status":"closed","ping_status":"closed","sticky":false,"template":"","format":"standard","meta":{"footnotes":""},"categories":[1,17,36,34,35],"tags":[],"class_list":["post-736","post","type-post","status-publish","format-standard","hentry","category-anzeige","category-kirchen","category-mitsingen","category-musik-2","category-singen","has_no_thumb"],"_links":{"self":[{"href":"https:\/\/neigierisch.de\/anzeigen\/wp-json\/wp\/v2\/posts\/736","targetHints":{"allow":["GET"]}}],"collection":[{"href":"https:\/\/neigierisch.de\/anzeigen\/wp-json\/wp\/v2\/posts"}],"about":[{"href":"https:\/\/neigierisch.de\/anzeigen\/wp-json\/wp\/v2\/types\/post"}],"author":[{"embeddable":true,"href":"https:\/\/neigierisch.de\/anzeigen\/wp-json\/wp\/v2\/users\/1"}],"replies":[{"embeddable":true,"href":"https:\/\/neigierisch.de\/anzeigen\/wp-json\/wp\/v2\/comments?post=736"}],"version-history":[{"count":1,"href":"https:\/\/neigierisch.de\/anzeigen\/wp-json\/wp\/v2\/posts\/736\/revisions"}],"predecessor-version":[{"id":737,"href":"https:\/\/neigierisch.de\/anzeigen\/wp-json\/wp\/v2\/posts\/736\/revisions\/737"}],"wp:attachment":[{"href":"https:\/\/neigierisch.de\/anzeigen\/wp-json\/wp\/v2\/media?parent=736"}],"wp:term":[{"taxonomy":"category","embeddable":true,"href":"https:\/\/neigierisch.de\/anzeigen\/wp-json\/wp\/v2\/categories?post=736"},{"taxonomy":"post_tag","embeddable":true,"href":"https:\/\/neigierisch.de\/anzeigen\/wp-json\/wp\/v2\/tags?post=736"}],"curies":[{"name":"wp","href":"https:\/\/api.w.org\/{rel}","templated":true}]}}