{"id":1428,"date":"2023-11-27T08:12:45","date_gmt":"2023-11-27T08:12:45","guid":{"rendered":"https:\/\/neigierisch.de\/anzeigen\/?p=1428"},"modified":"2023-11-27T08:41:56","modified_gmt":"2023-11-27T08:41:56","slug":"09-12-23-clubtime-in-der-messe-idar-oberstein-mit-hotnnasty","status":"publish","type":"post","link":"https:\/\/neigierisch.de\/anzeigen\/2023\/11\/27\/09-12-23-clubtime-in-der-messe-idar-oberstein-mit-hotnnasty\/","title":{"rendered":"09.12.23: Clubtime in der Messe Idar-Oberstein mit Hot\u2019n\u2019Nasty"},"content":{"rendered":"<p style=\"text-align: center;\"><strong>Clubtime in der Messe Idar-Oberstein am Samstag, 9. Dezember 2023, um 20 Uhr<\/strong><\/p>\n<p style=\"text-align: left;\">\n<a href=\"https:\/\/neigierisch.de\/anzeigen\/wp-content\/uploads\/sites\/2\/2023\/11\/638-1.png\"><img loading=\"lazy\" decoding=\"async\" class=\"size-medium wp-image-1429 alignleft\" src=\"https:\/\/neigierisch.de\/anzeigen\/wp-content\/uploads\/sites\/2\/2023\/11\/638-1-200x300.png\" alt=\"\" width=\"200\" height=\"300\" srcset=\"https:\/\/neigierisch.de\/anzeigen\/wp-content\/uploads\/sites\/2\/2023\/11\/638-1-200x300.png 200w, https:\/\/neigierisch.de\/anzeigen\/wp-content\/uploads\/sites\/2\/2023\/11\/638-1-250x375.png 250w, https:\/\/neigierisch.de\/anzeigen\/wp-content\/uploads\/sites\/2\/2023\/11\/638-1.png 449w\" sizes=\"auto, (max-width: 200px) 100vw, 200px\" \/><\/a>Hot\u2019n\u2019Nasty existiert bereits seit Beginn der 90er Jahre und geh\u00f6rt zur ersten Liga der deutschen Blues- und Rockszene. Die Besetzung besteht aus Gr\u00fcndungsmitglied Malte Triebsch (Gitarre), Robert Collins (Gesang), Dominique Ehlert (Schlagzeug) und Tim Gressler (Bass).<br \/>\nHot\u2019n\u2019Nasty wurde 2020 mit dem German Blues Award in der Kategorie \u2019Beste Band\u2019 ausgezeichnet und war zudem 2018 und 2019 Finalist bei der German Blues Challenge.<br \/>\nIm September 2021 erschien Hot\u2019n\u2019Nasty\u2019s aktuelles Werk \u2019Burn\u2019, das wieder von Martin Meinsch\u00e4fer (Aufnahmetechniker und Produzent u.a. f\u00fcr Henrik Freischlader, Tommy Schneller, Kai Strauss und Layla Zoe) in den Megaphon-Studios aufgenommen wurde.<br \/>\nDie Reaktion der Fachpresse auf \u2019Burn\u2019 war \u00fcberw\u00e4ltigend und Hot\u2019n\u2019Nasty wurde von diversen Magazinen zu einer der besten deutschen Bluesrock-Bands gek\u00fcrt.\u201eHot\u2019n\u2019Nasty sind mit Abstand einer der st\u00e4rksten Bluesrock-Bands in unseren Breiten\u201c, schrieb Guitar und w\u00e4hlte \u2019Burn\u2019 zum Album des Monats September 2021 aus. Und auch den internationalen Vergleich braucht Hot\u2019n\u2019Nasty nicht zu scheuen.<br \/>\nMusicreviews berichtete zur Band: \u201eHot\u2019n\u2019Nasty kann sich locker mit den f\u00fchrenden Blues-Rockern aus der ganzen Welt messen. So ist es nicht verwunderlich, dass internationale namhafte Rockgr\u00f6\u00dfen wie z.B. Wishbone Ash, Dr. Feelgood, Walter Trout, Ana Popovic und Chris Farlowe auf Hot\u2019n\u2019Nasty aufmerksam wurden und die Band immer wieder als Support-Act verpflichteten. Zahlreiche Konzerte im In- und Ausland sowie diverse TV-Specials brachten der Band eine gro\u00dfe Fangemeinde ein. Im Ruhrgebiet, aus dem die Musiker stammen, genie\u00dft die Band bereits Kultstatus. Super-Musiker, das abwechslungsreiche Programm und die B\u00fchnen-Show von Hot\u2019n\u2019Nasty lassen jedes Konzert zu einem besonderen Ereignis werden, sowohl auf gro\u00dfen Festival-B\u00fchnen als auch in den Blues-Clubs.&#8220;<br \/>\n<strong>Tickets im VVK 22,00 \u20ac bei Ticket regional (alle bekannten Vorverkaufsstellen), Tabac Faust in Birkenfeld oder direkt bei Blue Note e.V.<\/strong><\/p>\n","protected":false},"excerpt":{"rendered":"<p>Clubtime in der Messe Idar-Oberstein am Samstag, 9. Dezember 2023, um 20 Uhr Hot\u2019n\u2019Nasty existiert bereits seit Beginn der 90er Jahre und geh\u00f6rt zur ersten [&hellip;]<\/p>\n","protected":false},"author":1,"featured_media":0,"comment_status":"open","ping_status":"open","sticky":false,"template":"","format":"standard","meta":{"footnotes":""},"categories":[1,45,53,67,47,34,37],"tags":[],"class_list":["post-1428","post","type-post","status-publish","format-standard","hentry","category-anzeige","category-blues-und-jazz","category-konzert","category-konzert-musik-2","category-kultur","category-musik-2","category-rock-und-popp","has_thumb"],"_links":{"self":[{"href":"https:\/\/neigierisch.de\/anzeigen\/wp-json\/wp\/v2\/posts\/1428","targetHints":{"allow":["GET"]}}],"collection":[{"href":"https:\/\/neigierisch.de\/anzeigen\/wp-json\/wp\/v2\/posts"}],"about":[{"href":"https:\/\/neigierisch.de\/anzeigen\/wp-json\/wp\/v2\/types\/post"}],"author":[{"embeddable":true,"href":"https:\/\/neigierisch.de\/anzeigen\/wp-json\/wp\/v2\/users\/1"}],"replies":[{"embeddable":true,"href":"https:\/\/neigierisch.de\/anzeigen\/wp-json\/wp\/v2\/comments?post=1428"}],"version-history":[{"count":3,"href":"https:\/\/neigierisch.de\/anzeigen\/wp-json\/wp\/v2\/posts\/1428\/revisions"}],"predecessor-version":[{"id":1432,"href":"https:\/\/neigierisch.de\/anzeigen\/wp-json\/wp\/v2\/posts\/1428\/revisions\/1432"}],"wp:attachment":[{"href":"https:\/\/neigierisch.de\/anzeigen\/wp-json\/wp\/v2\/media?parent=1428"}],"wp:term":[{"taxonomy":"category","embeddable":true,"href":"https:\/\/neigierisch.de\/anzeigen\/wp-json\/wp\/v2\/categories?post=1428"},{"taxonomy":"post_tag","embeddable":true,"href":"https:\/\/neigierisch.de\/anzeigen\/wp-json\/wp\/v2\/tags?post=1428"}],"curies":[{"name":"wp","href":"https:\/\/api.w.org\/{rel}","templated":true}]}}