{"id":1353,"date":"2022-12-04T10:19:54","date_gmt":"2022-12-04T10:19:54","guid":{"rendered":"https:\/\/neigierisch.de\/anzeigen\/?p=1353"},"modified":"2022-12-04T10:26:27","modified_gmt":"2022-12-04T10:26:27","slug":"08-12-22-walter-von-denffer-spricht-ueber-weihnachten-klangfarben-forum-muenchwald","status":"publish","type":"post","link":"https:\/\/neigierisch.de\/anzeigen\/2022\/12\/04\/08-12-22-walter-von-denffer-spricht-ueber-weihnachten-klangfarben-forum-muenchwald\/","title":{"rendered":"08.12.22: Walter von Denffer spricht \u00fcber Weihnachten &#8211; Klangfarben-Forum M\u00fcnchwald"},"content":{"rendered":"<h3><span style=\"color: #008000;\">Alle Jahre wieder<\/span><\/h3>\n<p>&#8222;Alt und jung sollen nun von der Last des Lebens einmal ruhn\u201c erkl\u00e4rt das Christuskind seinem treuen Begleiter Knecht Rupprecht in Theodor Storms Gedicht. Und immerhin tr\u00e4gt dem unser Staat Rechnung mit zwei gesetzlichen Feiertagen<br \/>\nund dem Verzicht auf belastende Verwaltungsakte und Vollstreckungen.<br \/>\nAber wie schon in der Weihnachtsgeschichte die Geburt des Erl\u00f6sers unter erschwerten Bedingungen stattfinden musste, so k\u00f6nnte man diesmal das allj\u00e4hrliche \u201eFrohe Weihnachten\u201c angesichts von Terror, Pandemie, Krieg, Teuerung, Energie- und Klimakrise<br \/>\n&#8211; und m\u00f6glicherweise sogar Lieferengp\u00e4ssen beim Spielzeug &#8211; eher als Sto\u00dfseufzer verstehen denn als Bekenntnis.<\/p>\n<p>In diesem Vortrag geht es um die M\u00f6glichkeit eines pers\u00f6nlichen Verst\u00e4ndnisses der Weihnachtsbotschaft.<\/p>\n<p><strong>Ort: <\/strong>Klangfarben-Forum f\u00fcr Musik und Kunst, M\u00fcnchwald, M\u00fcnchheide 8<br \/>\n<strong>Zeit: <\/strong>Donnerstag, 8. 12. 2022, 20.00 Uhr<br \/>\n<strong>Unkostenbeitrag: 3 \u20ac<\/strong><br \/>\n<strong>Info und Anmeldung: <\/strong>bei Barbara Langhans: Tel. 06706 6779<\/p>\n","protected":false},"excerpt":{"rendered":"<p>Alle Jahre wieder &#8222;Alt und jung sollen nun von der Last des Lebens einmal ruhn\u201c erkl\u00e4rt das Christuskind seinem treuen Begleiter Knecht Rupprecht in Theodor [&hellip;]<\/p>\n","protected":false},"author":64,"featured_media":0,"comment_status":"closed","ping_status":"closed","sticky":false,"template":"","format":"standard","meta":{"footnotes":""},"categories":[1,47,74,73,58],"tags":[],"class_list":["post-1353","post","type-post","status-publish","format-standard","hentry","category-anzeige","category-kultur","category-philosophie","category-religion","category-vortrag","has_no_thumb"],"_links":{"self":[{"href":"https:\/\/neigierisch.de\/anzeigen\/wp-json\/wp\/v2\/posts\/1353","targetHints":{"allow":["GET"]}}],"collection":[{"href":"https:\/\/neigierisch.de\/anzeigen\/wp-json\/wp\/v2\/posts"}],"about":[{"href":"https:\/\/neigierisch.de\/anzeigen\/wp-json\/wp\/v2\/types\/post"}],"author":[{"embeddable":true,"href":"https:\/\/neigierisch.de\/anzeigen\/wp-json\/wp\/v2\/users\/64"}],"replies":[{"embeddable":true,"href":"https:\/\/neigierisch.de\/anzeigen\/wp-json\/wp\/v2\/comments?post=1353"}],"version-history":[{"count":4,"href":"https:\/\/neigierisch.de\/anzeigen\/wp-json\/wp\/v2\/posts\/1353\/revisions"}],"predecessor-version":[{"id":1357,"href":"https:\/\/neigierisch.de\/anzeigen\/wp-json\/wp\/v2\/posts\/1353\/revisions\/1357"}],"wp:attachment":[{"href":"https:\/\/neigierisch.de\/anzeigen\/wp-json\/wp\/v2\/media?parent=1353"}],"wp:term":[{"taxonomy":"category","embeddable":true,"href":"https:\/\/neigierisch.de\/anzeigen\/wp-json\/wp\/v2\/categories?post=1353"},{"taxonomy":"post_tag","embeddable":true,"href":"https:\/\/neigierisch.de\/anzeigen\/wp-json\/wp\/v2\/tags?post=1353"}],"curies":[{"name":"wp","href":"https:\/\/api.w.org\/{rel}","templated":true}]}}